{
    "title": "Invitation \u00e0 la journ\u00e9e presse : Titus De Voogdt vous emm\u00e8ne sur les traces d\u2019un p\u00e9riple l\u00e9gendaire \u00e0 v\u00e9lo \u00e0 travers l\u2019Afrique dans le nouveau podcast \u00ab Weg van Nowak \u00bb.",
    "modified_at": "2026-04-22 14:17:47",
    "published_at": "2026-04-22 14:22:00",
    "url": "https://smalltalk.prezly.com/invitation-a-la-journee-presse-titus-de-voogdt-vous-emmene-sur-les-traces-dun-periple-legendaire-a-velo-a-travers-lafrique-dans-le-nouveau-podcast-weg-van-nowak",
    "short_url": "http://prez.ly/C3Dd",
    "culture": "fr",
    "language": "FR",
    "subtitle": "Le 6 juin 2026 marquera le lancement de \u00ab Weg van Nowak \u00bb, un podcast d\u2019aventure \u00e0 port\u00e9e historique dans lequel l\u2019acteur Titus De Voogdt, l\u2019\u00e9crivain Tom Ysewijn et le r\u00e9alisateur de podcasts Jeroen Franssens racontent leur p\u00e9riple de 2 000 kilom\u00e8tres \u00e0 v\u00e9lo \u00e0 travers l\u2019Afrique. Ils y suivent les traces de Kazimierz Nowak et redonnent vie \u00e0 une partie manquante de son voyage l\u00e9gendaire.",
    "slug": "invitation-a-la-journee-presse-titus-de-voogdt-vous-emmene-sur-les-traces-dun-periple-legendaire-a-velo-a-travers-lafrique-dans-le-nouveau-podcast-weg-van-nowak",
    "body": "\n    <figure\n        class=\"release-content-image release-content-image--contained release-content-image--align-center\"\n        data-component=\"image-zoom-popup\"\n        data-image-zoom-popup-selector=\".release-content-image__image\"\n        data-image-zoom-popup-i18n=\"data:application/json;base64,eyJEb3dubG9hZCI6IkRvd25sb2FkIn0=\"\n        data-image-zoom-popup-tracking-views-event=\"Story Image View\"\n        data-image-zoom-popup-tracking-download-event=\"Story Image Download\"\n        data-image-zoom-popup-placement=\"content\"\n    >\n        <div class=\"image-thumbnail-rollover\" style=\"width: 98.61%\">\n            <img\n                src=\"https://cdn.uc.assets.prezly.com/b790d1a6-a810-45bc-a3e2-ff3a855b8418/-/resize/1200x/-/format/auto/\"\n                                class=\"release-content-image__image image-thumbnail-rollover__image\"\n                data-description=\"\"\n                id=\"image-b790d1a6-a810-45bc-a3e2-ff3a855b8418\"\n                data-id=\"b790d1a6-a810-45bc-a3e2-ff3a855b8418\"\n                data-original=\"https://cdn.uc.assets.prezly.com/b790d1a6-a810-45bc-a3e2-ff3a855b8418/-/inline/no/IMG_7659+2.jpeg\"\n                data-mfp-src=\"https://cdn.uc.assets.prezly.com/b790d1a6-a810-45bc-a3e2-ff3a855b8418/-/resize/1200x/-/format/auto/\"\n                alt=\"Story image\"\n            />\n            <div class=\"image-thumbnail-rollover__caption\">\n                <svg class=\"icon icon-expand image-thumbnail-rollover__caption-icon\">\n                <use xlink:href=\"#icon-expand\"></use>\n            </svg>            </div>\n        </div>\n\n        <figcaption class=\"release-content-image__caption\"></figcaption>\n    </figure>\n<blockquote><em>&laquo; Un ami de Tom m&rsquo;a parl&eacute; de son livre sur Nowak au caf&eacute; Vooruit : il fallait absolument que je le lise. Cette histoire ne m&rsquo;a plus quitt&eacute;. J&rsquo;ai contact&eacute; Tom et, avec Jeroen, nous avons d&eacute;cid&eacute; d&rsquo;en faire quelque chose. C&rsquo;est ainsi qu&rsquo;est n&eacute;e l&rsquo;id&eacute;e du podcast. &raquo; - Titus De Voogdt. </em></blockquote><h3 id=\"une-aventure-inachevee-enfin-completee-pres-de-100-ans-plus-tard\" >Une aventure inachev&eacute;e, enfin compl&eacute;t&eacute;e pr&egrave;s de 100 ans plus tard</h3><p>Kazimierz Nowak &eacute;tait un journaliste polonais. Dans les ann&eacute;es 1930, il fut le premier &agrave; traverser le continent africain &agrave; v&eacute;lo. En Namibie, son voyage s&rsquo;interrompt brusquement lorsque sa bicyclette tombe en panne. Contraint de poursuivre &agrave; cheval, il continue jusqu&rsquo;&agrave; pouvoir se procurer un nouveau v&eacute;lo en Angola. Ce tron&ccedil;on inachev&eacute; l&rsquo;a frustr&eacute; toute sa vie.</p>\n    <figure\n        class=\"release-content-image release-content-image--contained release-content-image--align-center\"\n        data-component=\"image-zoom-popup\"\n        data-image-zoom-popup-selector=\".release-content-image__image\"\n        data-image-zoom-popup-i18n=\"data:application/json;base64,eyJEb3dubG9hZCI6IkRvd25sb2FkIn0=\"\n        data-image-zoom-popup-tracking-views-event=\"Story Image View\"\n        data-image-zoom-popup-tracking-download-event=\"Story Image Download\"\n        data-image-zoom-popup-placement=\"content\"\n    >\n        <div class=\"image-thumbnail-rollover\" style=\"width: 100%\">\n            <img\n                src=\"https://cdn.uc.assets.prezly.com/d5f2c079-dc77-4c34-b79a-4ea439416f5f/-/resize/1200x/-/format/auto/\"\n                                class=\"release-content-image__image image-thumbnail-rollover__image\"\n                data-description=\"\"\n                id=\"image-d5f2c079-dc77-4c34-b79a-4ea439416f5f\"\n                data-id=\"d5f2c079-dc77-4c34-b79a-4ea439416f5f\"\n                data-original=\"https://cdn.uc.assets.prezly.com/d5f2c079-dc77-4c34-b79a-4ea439416f5f/-/inline/no/afbeelding16_2.tif\"\n                data-mfp-src=\"https://cdn.uc.assets.prezly.com/d5f2c079-dc77-4c34-b79a-4ea439416f5f/-/resize/1200x/-/format/auto/\"\n                alt=\"Story image\"\n            />\n            <div class=\"image-thumbnail-rollover__caption\">\n                <svg class=\"icon icon-expand image-thumbnail-rollover__caption-icon\">\n                <use xlink:href=\"#icon-expand\"></use>\n            </svg>            </div>\n        </div>\n\n        <figcaption class=\"release-content-image__caption\"></figcaption>\n    </figure>\n<p>Pr&egrave;s d&rsquo;un si&egrave;cle plus tard, Titus De Voogdt, Tom Ysewijn et Jeroen Franssens sont partis en Namibie et en Angola pour parcourir eux-m&ecirc;mes cette portion manquante. Avec un &eacute;quipement minimal et sans guide, ils ont litt&eacute;ralement suivi les traces de Nowak.</p><blockquote><em>&laquo; La question &eacute;tait : peut-on encore vraiment partir &agrave; l&rsquo;aventure aujourd&rsquo;hui ? C&rsquo;est pourquoi nous sommes partis tous les trois, sans &eacute;quipe pour nous accompagner. Nous avons dormi sous tente, trouv&eacute; notre eau nous-m&ecirc;mes et tout transport&eacute; &agrave; v&eacute;lo, avec le moins de poids possible. C&rsquo;&eacute;tait parfois difficile, mais cela donne un podcast tr&egrave;s honn&ecirc;te et direct. &raquo; - Jeroen Franssens</em></blockquote><h3 id=\"un-regard-intime-sur-le-voyage-de-nowak\" >Un regard intime sur le voyage de Nowak</h3><p>Les lettres que Kazimierz Nowak &eacute;crivait &agrave; sa femme Mary\u015b constituent un apport marquant au podcast. Tom Ysewijn s&rsquo;&eacute;tait d&eacute;j&agrave; pench&eacute; sur le voyage de Nowak dans son livre <em>Alone Through Africa</em>, mais cette correspondance personnelle restait alors inconnue. Les lettres, r&eacute;cemment retrouv&eacute;es en Pologne, r&eacute;v&egrave;lent une facette vuln&eacute;rable et intime de l&rsquo;aventurier, rest&eacute;e jusqu&rsquo;ici dans l&rsquo;ombre. Elles compl&egrave;tent pr&eacute;cieusement ses r&eacute;cits de voyage publics et offrent &eacute;galement aux lecteurs du livre de Ysewijn une perspective nouvelle et surprenante.</p><p>Le podcast entrem&ecirc;le deux r&eacute;cits : le voyage historique de Nowak et le p&eacute;riple contemporain des trois cr&eacute;ateurs. En chemin, ils rencontrent des habitants et confrontent le pass&eacute; colonial &agrave; l&rsquo;Afrique d&rsquo;aujourd&rsquo;hui.</p><blockquote><em>&laquo; Le regard de Nowak est unique. Ses r&eacute;cits ont une valeur historique particuli&egrave;re et offrent une image pr&eacute;cise, souvent critique, de l&rsquo;Afrique coloniale des ann&eacute;es 1930. &raquo; - Tom Ysewijn </em></blockquote>\n    <figure\n        class=\"release-content-image release-content-image--contained release-content-image--align-center\"\n        data-component=\"image-zoom-popup\"\n        data-image-zoom-popup-selector=\".release-content-image__image\"\n        data-image-zoom-popup-i18n=\"data:application/json;base64,eyJEb3dubG9hZCI6IkRvd25sb2FkIn0=\"\n        data-image-zoom-popup-tracking-views-event=\"Story Image View\"\n        data-image-zoom-popup-tracking-download-event=\"Story Image Download\"\n        data-image-zoom-popup-placement=\"content\"\n    >\n        <div class=\"image-thumbnail-rollover\" style=\"width: 90.69%\">\n            <img\n                src=\"https://cdn.uc.assets.prezly.com/77e2f5b8-4054-42c1-b08d-75569a12bb96/-/crop/1536x1225/0,261/-/preview/-/resize/1200x/-/format/auto/\"\n                                class=\"release-content-image__image image-thumbnail-rollover__image\"\n                data-description=\"\"\n                id=\"image-77e2f5b8-4054-42c1-b08d-75569a12bb96\"\n                data-id=\"77e2f5b8-4054-42c1-b08d-75569a12bb96\"\n                data-original=\"https://cdn.uc.assets.prezly.com/77e2f5b8-4054-42c1-b08d-75569a12bb96/-/crop/1536x1225/0,261/-/preview/-/inline/no/IMG_3889.JPG\"\n                data-mfp-src=\"https://cdn.uc.assets.prezly.com/77e2f5b8-4054-42c1-b08d-75569a12bb96/-/crop/1536x1225/0,261/-/preview/-/resize/1200x/-/format/auto/\"\n                alt=\"Story image\"\n            />\n            <div class=\"image-thumbnail-rollover__caption\">\n                <svg class=\"icon icon-expand image-thumbnail-rollover__caption-icon\">\n                <use xlink:href=\"#icon-expand\"></use>\n            </svg>            </div>\n        </div>\n\n        <figcaption class=\"release-content-image__caption\"></figcaption>\n    </figure>\n<h3 id=\"une-aventure-qui-a-de-limpact\" >Une aventure qui a de l&rsquo;impact</h3><p>Au-del&agrave; de sa dimension personnelle et historique, le voyage rev&ecirc;t &eacute;galement une port&eacute;e sociale. Au cours de leur p&eacute;riple en Angola, les cr&eacute;ateurs ont r&eacute;colt&eacute; 4 000 euros pour <a href=\"https://apopo.org/\" target=\"_blank\" rel=\"noreferrer noopener\">APOPO</a>, une organisation internationale qui d&eacute;tecte et neutralise les mines antipersonnel ainsi que d&rsquo;autres restes explosifs de guerre gr&acirc;ce &agrave; des rats entra&icirc;n&eacute;s.</p><p>Cet engagement a pris une signification particuli&egrave;re, puisque l&rsquo;organisation est active dans le centre de l&rsquo;Angola, destination finale de l&rsquo;exp&eacute;dition. &Agrave; la fin du voyage, Titus, Tom et Jeroen ont rencontr&eacute; l&rsquo;&eacute;quipe d&rsquo;APOPO, remis le montant r&eacute;colt&eacute; et visit&eacute; deux sites de d&eacute;minage. Le voyage a ainsi eu un impact social non seulement symbolique, mais aussi concret.</p>\n    <figure\n        class=\"release-content-image release-content-image--contained release-content-image--align-center\"\n        data-component=\"image-zoom-popup\"\n        data-image-zoom-popup-selector=\".release-content-image__image\"\n        data-image-zoom-popup-i18n=\"data:application/json;base64,eyJEb3dubG9hZCI6IkRvd25sb2FkIn0=\"\n        data-image-zoom-popup-tracking-views-event=\"Story Image View\"\n        data-image-zoom-popup-tracking-download-event=\"Story Image Download\"\n        data-image-zoom-popup-placement=\"content\"\n    >\n        <div class=\"image-thumbnail-rollover\" style=\"width: 64.44%\">\n            <img\n                src=\"https://cdn.uc.assets.prezly.com/d0293376-74c7-4bc0-ad94-5dae61540d06/-/crop/1534x1680/0,42/-/preview/-/resize/1200x/-/format/auto/\"\n                                class=\"release-content-image__image image-thumbnail-rollover__image\"\n                data-description=\"\"\n                id=\"image-d0293376-74c7-4bc0-ad94-5dae61540d06\"\n                data-id=\"d0293376-74c7-4bc0-ad94-5dae61540d06\"\n                data-original=\"https://cdn.uc.assets.prezly.com/d0293376-74c7-4bc0-ad94-5dae61540d06/-/crop/1534x1680/0,42/-/preview/-/inline/no/IMG_6773.jpeg\"\n                data-mfp-src=\"https://cdn.uc.assets.prezly.com/d0293376-74c7-4bc0-ad94-5dae61540d06/-/crop/1534x1680/0,42/-/preview/-/resize/1200x/-/format/auto/\"\n                alt=\"Story image\"\n            />\n            <div class=\"image-thumbnail-rollover__caption\">\n                <svg class=\"icon icon-expand image-thumbnail-rollover__caption-icon\">\n                <use xlink:href=\"#icon-expand\"></use>\n            </svg>            </div>\n        </div>\n\n        <figcaption class=\"release-content-image__caption\"></figcaption>\n    </figure>\n<hr /><hr /><h3 id=\"informations-pratiques-sur-le-podcast\" >Informations pratiques sur le podcast</h3><p><strong>Titre :</strong> Weg van Nowak</p><p><strong>Sortie :</strong> 6 juin 2026</p><p><strong>Production, musique et mixage :</strong> <a href=\"https://www.audiotheque.be/\" target=\"_blank\" rel=\"noreferrer noopener\">Audioth&egrave;que</a></p><p><strong>Nombre d&#039;&eacute;pisodes :</strong> 6 &agrave; 8 &eacute;pisodes</p><p><strong>Rythme de diffusion :</strong> 2 premiers &eacute;pisodes le samedi 6/6, puis chaque semaine</p><p style=\"text-align: left\"><strong>Plus d&#039;informations :</strong><em> </em><a href=\"https://www.nowakpodcast.be/?utm_source=chatgpt.com\" target=\"_blank\" rel=\"noreferrer noopener\"><em><strong>www.nowakpodcast.be</strong></em></a></p><p style=\"text-align: left\"><strong>Weg Van Nowak est une production d&rsquo;Audiotheque en collaboration avec De Standaard, avec le soutien d&rsquo;o2o bicycle leasing, du Fonds audiovisuel flamand du gouvernement flamand, de Small Talk et de nombreux autres partenaires.</strong></p><hr /><div id=\"bookmark-eb194eda-1194-4efa-ab75-c8bd1907cce4\"\n     class=\"release-content-bookmark release-content-bookmark--horizontal\">\n\n            <a class=\"release-content-bookmark__thumbnail\"\n           href=\"https://smalltalk.prezly.com/media/album/50256\"\n           rel=\"noopener noreferrer\"\n           target=\"_blank\"           style=\"background-image: url(https://prezly.imgix.net/https%3A%2F%2Fcdn.uc.assets.prezly.com%2F684e3845-df6c-4667-a323-d2028560fe26%2F?ar=1%3A1&amp;fit=crop&amp;s=a9801b56d6cd19984eb321b37f76474b)\"\n        ></a>\n    \n    <div class=\"release-content-bookmark__details\">\n\n                    <a class=\"release-content-bookmark__title\"\n               href=\"https://smalltalk.prezly.com/media/album/50256\"\n               rel=\"noopener noreferrer\"\n               target=\"_blank\"               data-type=\"bookmark\"\n               data-track=\"Story WebBookmark Click\"\n               data-placement=\"content\"\n               data-id=\"eb194eda-1194-4efa-ab75-c8bd1907cce4\"\n           >\n                Mediagalerij: Nowak - Release Podcast            </a>\n        \n                    <div class=\"release-content-bookmark__description\">\n                50 afbeeldingen            </div>\n        \n        <a href=\"https://smalltalk.prezly.com/\"\n           target=\"_blank\"\n           rel=\"noreferrer noopener\"\n           class=\"release-content-bookmark__provider\"\n        >\n            <img class=\"release-content-bookmark__provider-icon\" src=\"https://avatars.prezly.com/favicon?url=https%3A%2F%2Fsmalltalk.prezly.com%2Fmedia%2Falbum%2F3eeac128-cec4-40d6-beaa-03311c4a35d2&newsroom=d334baf0-7650-4a53-b955-0cb6a5a1d53f\" aria-hidden=\"true\" />\n            Smalltalk        </a>\n    </div>\n</div>\n<div class=\"release-content-contact\" id=\"contact-c39d86e3-0716-4401-a58f-f7adbdfca85c\">\n    <div class=\"release-content-contact__avatar\"><img src=\"https://cdn.uc.assets.prezly.com/0d189ad4-2bda-4649-9061-34f79e64bd14/-/scale_crop/128x128/center/-/format/auto/\" alt=\"Karen Moreaux\" class=\"release-content-contact__avatar-image\" /></div>\n    <div class=\"release-content-contact__details\">\n        <strong class=\"release-content-contact__name\">Karen Moreaux</strong>\n        <em class=\"release-content-contact__description\">PR Director, Small Talk</em>\n        <ul class=\"release-content-contact__details-list\"><li class=\"release-content-contact__details-list-item\"><a href=\"mailto:Karen@small-talk.be\"  class=\"release-content-contact__details-list-item-link\" title=\"Karen@small-talk.be\"><svg class=\"icon icon-paper-plane release-content-contact__details-list-item-icon\">\n                <use xlink:href=\"#icon-paper-plane\"></use>\n            </svg>Karen@small-talk.be</a></li></ul>\n    </div>\n</div><p>&nbsp;</p><p>&nbsp;</p><p>&nbsp;</p>",
    "images": [
        {
            "caption": "",
            "original": "https://cdn.uc.assets.prezly.com/b790d1a6-a810-45bc-a3e2-ff3a855b8418/",
            "medium": "https://cdn.uc.assets.prezly.com/b790d1a6-a810-45bc-a3e2-ff3a855b8418/-/preview/500x500/-/format/auto/",
            "small": "https://cdn.uc.assets.prezly.com/b790d1a6-a810-45bc-a3e2-ff3a855b8418/-/preview/200x200/-/format/auto/",
            "thumbnail": "https://cdn.uc.assets.prezly.com/b790d1a6-a810-45bc-a3e2-ff3a855b8418/-/preview/100x100/-/format/auto/",
            "square": "https://cdn.uc.assets.prezly.com/b790d1a6-a810-45bc-a3e2-ff3a855b8418/-/scale_crop/200x200/center/-/format/auto/",
            "squaresmall": "https://cdn.uc.assets.prezly.com/b790d1a6-a810-45bc-a3e2-ff3a855b8418/-/scale_crop/58x58/center/-/format/auto/"
        },
        {
            "caption": "",
            "original": "https://cdn.uc.assets.prezly.com/d5f2c079-dc77-4c34-b79a-4ea439416f5f/",
            "medium": "https://cdn.uc.assets.prezly.com/d5f2c079-dc77-4c34-b79a-4ea439416f5f/-/preview/500x500/-/format/auto/",
            "small": "https://cdn.uc.assets.prezly.com/d5f2c079-dc77-4c34-b79a-4ea439416f5f/-/preview/200x200/-/format/auto/",
            "thumbnail": "https://cdn.uc.assets.prezly.com/d5f2c079-dc77-4c34-b79a-4ea439416f5f/-/preview/100x100/-/format/auto/",
            "square": "https://cdn.uc.assets.prezly.com/d5f2c079-dc77-4c34-b79a-4ea439416f5f/-/scale_crop/200x200/center/-/format/auto/",
            "squaresmall": "https://cdn.uc.assets.prezly.com/d5f2c079-dc77-4c34-b79a-4ea439416f5f/-/scale_crop/58x58/center/-/format/auto/"
        },
        {
            "caption": "",
            "original": "https://cdn.uc.assets.prezly.com/77e2f5b8-4054-42c1-b08d-75569a12bb96/-/crop/1536x1225/0,261/-/preview/",
            "medium": "https://cdn.uc.assets.prezly.com/77e2f5b8-4054-42c1-b08d-75569a12bb96/-/crop/1536x1225/0,261/-/preview/-/preview/500x500/-/format/auto/",
            "small": "https://cdn.uc.assets.prezly.com/77e2f5b8-4054-42c1-b08d-75569a12bb96/-/crop/1536x1225/0,261/-/preview/-/preview/200x200/-/format/auto/",
            "thumbnail": "https://cdn.uc.assets.prezly.com/77e2f5b8-4054-42c1-b08d-75569a12bb96/-/crop/1536x1225/0,261/-/preview/-/preview/100x100/-/format/auto/",
            "square": "https://cdn.uc.assets.prezly.com/77e2f5b8-4054-42c1-b08d-75569a12bb96/-/crop/1536x1225/0,261/-/preview/-/scale_crop/200x200/center/-/format/auto/",
            "squaresmall": "https://cdn.uc.assets.prezly.com/77e2f5b8-4054-42c1-b08d-75569a12bb96/-/crop/1536x1225/0,261/-/preview/-/scale_crop/58x58/center/-/format/auto/"
        },
        {
            "caption": "",
            "original": "https://cdn.uc.assets.prezly.com/d0293376-74c7-4bc0-ad94-5dae61540d06/-/crop/1534x1680/0,42/-/preview/",
            "medium": "https://cdn.uc.assets.prezly.com/d0293376-74c7-4bc0-ad94-5dae61540d06/-/crop/1534x1680/0,42/-/preview/-/preview/500x500/-/format/auto/",
            "small": "https://cdn.uc.assets.prezly.com/d0293376-74c7-4bc0-ad94-5dae61540d06/-/crop/1534x1680/0,42/-/preview/-/preview/200x200/-/format/auto/",
            "thumbnail": "https://cdn.uc.assets.prezly.com/d0293376-74c7-4bc0-ad94-5dae61540d06/-/crop/1534x1680/0,42/-/preview/-/preview/100x100/-/format/auto/",
            "square": "https://cdn.uc.assets.prezly.com/d0293376-74c7-4bc0-ad94-5dae61540d06/-/crop/1534x1680/0,42/-/preview/-/scale_crop/200x200/center/-/format/auto/",
            "squaresmall": "https://cdn.uc.assets.prezly.com/d0293376-74c7-4bc0-ad94-5dae61540d06/-/crop/1534x1680/0,42/-/preview/-/scale_crop/58x58/center/-/format/auto/"
        }
    ],
    "links": [
        {
            "description": "Mediagalerij: Nowak - Release Podcast",
            "url": "https://smalltalk.prezly.com/media/album/50256"
        }
    ],
    "contacts": [
        {
            "name": "Karen Moreaux",
            "company": "Small Talk",
            "description": "PR Director",
            "email": "Karen@small-talk.be",
            "website": null,
            "address": null,
            "telephone": null,
            "mobile": null,
            "twitter": null,
            "facebook": null
        }
    ],
    "author": {
        "first_name": "karen",
        "last_name": "Moreaux"
    },
    "format_version": 5
}