{
    "title": "5 mai \u2013 Journ\u00e9e mondiale de l\u2019asthme\nVrai ou faux : Deltalong fait le point sur 10 id\u00e9es re\u00e7ues concernant l\u2019asthme",
    "modified_at": "2026-04-22 17:38:53",
    "published_at": "2026-04-22 17:38:00",
    "url": "https://smalltalk.prezly.com/5-mai-journee-mondiale-de-lasthme-vrai-ou-faux-deltalong-fait-le-point-sur-10-idees-recues-concernant-lasthme",
    "short_url": "http://prez.ly/X4Dd",
    "culture": "fr",
    "language": "FR",
    "subtitle": "Plusieurs centaines de milliers de Belges souffrent d\u2019asthme, une affection fr\u00e9quente mais souvent sous-diagnostiqu\u00e9e. Afin de sensibiliser davantage le public et de dissiper les malentendus, le centre sp\u00e9cialis\u00e9 en pneumologie Deltalong d\u2019AZ Delta ouvrira ses portes le 5 mai, \u00e0 l\u2019occasion de la Journ\u00e9e mondiale de l\u2019asthme, pour un test respiratoire gratuit. Parall\u00e8lement, la pneumologue Dre Stephanie Dobbelaere revient sur dix id\u00e9es re\u00e7ues concernant l\u2019asthme.",
    "slug": "5-mai-journee-mondiale-de-lasthme-vrai-ou-faux-deltalong-fait-le-point-sur-10-idees-recues-concernant-lasthme",
    "body": "<blockquote>&laquo; De nombreux patients vivent avec des sympt&ocirc;mes sans savoir que l&rsquo;asthme en est la cause &raquo;, explique la Dre Stephanie Dobbelaere, pneumologue chez Deltalong. &laquo; C&rsquo;est une situation que nous rencontrons souvent dans notre pratique. Les fausses croyances font que certains signaux sont ignor&eacute;s ou mal interpr&eacute;t&eacute;s, ce qui retarde le diagnostic. &raquo;</blockquote><h3 id=\"10-idees-recues-sur-lasthme-vrai-ou-faux\" ><strong>10 id&eacute;es re&ccedil;ues sur l&rsquo;asthme : vrai ou faux ?</strong></h3><p><strong>1. L&rsquo;asthme est une maladie g&eacute;n&eacute;tique</strong></p><p>Lorsque l&rsquo;un des parents souffre d&rsquo;asthme, le risque que son enfant d&eacute;veloppe lui aussi la maladie est plus &eacute;lev&eacute;. Aujourd&rsquo;hui, nous savons toutefois que <strong>ce n&rsquo;est pas toute l&rsquo;histoire</strong>. Les facteurs environnementaux et le mode de vie jouent au moins un r&ocirc;le tout aussi important.</p><p><strong>2. Les particules fines provoquent l&rsquo;asthme</strong></p><p>La pollution de l&rsquo;air ou les particules fines constituent <strong>un facteur important</strong>. Nous constatons que les particules fines irritent les voies respiratoires et aggravent les sympt&ocirc;mes. En cas d&rsquo;exposition prolong&eacute;e, elles peuvent m&ecirc;me contribuer &agrave; l&rsquo;apparition de l&rsquo;asthme.</p><p><strong>3. Existe-t-il un lien entre la vape et l&rsquo;asthme ?</strong></p><p>La vape peut irriter les voies respiratoires et aggraver des sympt&ocirc;mes d&rsquo;asthme existants. La vapeur contient diff&eacute;rentes substances chimiques susceptibles de d&eacute;clencher des r&eacute;actions inflammatoires. M&ecirc;me si les effets &agrave; long terme font encore l&rsquo;objet de recherches, nous recommandons d&rsquo;&eacute;viter la vape.</p><p><strong>4. L&rsquo;asthme ne se gu&eacute;rit pas</strong></p><p>C&rsquo;est vrai. L&rsquo;asthme est <strong>une maladie chronique</strong>, mais avec le bon traitement, il est g&eacute;n&eacute;ralement possible de bien le contr&ocirc;ler. Le traitement de fond permet de pr&eacute;venir les inflammations et les crises, tandis qu&rsquo;un inhalateur apporte un soulagement rapide mais temporaire. Un bon suivi et un traitement correct restent essentiels. En cas de sympt&ocirc;mes, consultez toujours votre m&eacute;decin g&eacute;n&eacute;raliste ou votre pneumologue afin de b&eacute;n&eacute;ficier d&rsquo;une prise en charge adapt&eacute;e.</p>\n    <figure\n        class=\"release-content-image release-content-image--contained release-content-image--align-center\"\n        data-component=\"image-zoom-popup\"\n        data-image-zoom-popup-selector=\".release-content-image__image\"\n        data-image-zoom-popup-i18n=\"data:application/json;base64,eyJEb3dubG9hZCI6IkRvd25sb2FkIn0=\"\n        data-image-zoom-popup-tracking-views-event=\"Story Image View\"\n        data-image-zoom-popup-tracking-download-event=\"Story Image Download\"\n        data-image-zoom-popup-placement=\"content\"\n    >\n        <div class=\"image-thumbnail-rollover\" style=\"width: 100%\">\n            <img\n                src=\"https://cdn.uc.assets.prezly.com/f35864c7-ff08-4fcb-8115-1150fe64bdf9/-/resize/1200x/-/format/auto/\"\n                                class=\"release-content-image__image image-thumbnail-rollover__image\"\n                data-description=\"Dr. Stephanie Dobbelaere\"\n                id=\"image-f35864c7-ff08-4fcb-8115-1150fe64bdf9\"\n                data-id=\"f35864c7-ff08-4fcb-8115-1150fe64bdf9\"\n                data-original=\"https://cdn.uc.assets.prezly.com/f35864c7-ff08-4fcb-8115-1150fe64bdf9/-/inline/no/Schermafbeelding+2026-04-22+om+17.51.14.png\"\n                data-mfp-src=\"https://cdn.uc.assets.prezly.com/f35864c7-ff08-4fcb-8115-1150fe64bdf9/-/resize/1200x/-/format/auto/\"\n                alt=\"Dr. Stephanie Dobbelaere\"\n            />\n            <div class=\"image-thumbnail-rollover__caption\">\n                <svg class=\"icon icon-expand image-thumbnail-rollover__caption-icon\">\n                <use xlink:href=\"#icon-expand\"></use>\n            </svg>            </div>\n        </div>\n\n        <figcaption class=\"release-content-image__caption\">Dr. Stephanie Dobbelaere</figcaption>\n    </figure>\n<p><strong>5. Le vin rouge provoque une crise d&rsquo;asthme</strong></p><p>Chez certains patients, nous constatons effectivement des sympt&ocirc;mes apr&egrave;s la consommation de vin rouge. Cela est souvent li&eacute; &agrave; des substances telles que <strong>les sulfites</strong>. L&rsquo;intensit&eacute; et le type de sympt&ocirc;mes varient fortement d&rsquo;une personne &agrave; l&rsquo;autre et restent donc tr&egrave;s individuels.</p><p><strong>6. Existe-t-il un lien entre l&rsquo;ob&eacute;sit&eacute; et l&rsquo;asthme ?</strong></p><p>Le surpoids augmente bel et bien le risque d&rsquo;asthme. Il peut limiter la fonction pulmonaire et renforcer les inflammations dans l&rsquo;organisme, ce qui rend les sympt&ocirc;mes plus intenses. En outre, l&rsquo;ob&eacute;sit&eacute; peut aussi compliquer le bon contr&ocirc;le de l&rsquo;asthme.</p><p><strong>7. Les perturbateurs endocriniens provoquent l&rsquo;asthme</strong></p><p>Les perturbateurs endocriniens sont des substances chimiques pr&eacute;sentes dans des produits du quotidien tels que les emballages, les textiles et les produits de soin. L&rsquo;exposition se fait par l&rsquo;air, l&rsquo;alimentation ou le contact avec la peau et peut nuire &agrave; la sant&eacute;. Surtout pendant la grossesse et la petite enfance, cela peut augmenter le risque de diff&eacute;rentes affections, dont l&rsquo;asthme. Il ne s&rsquo;agit donc pas d&rsquo;une cause directe, mais bien d&rsquo;un facteur de risque potentiel.</p><p><strong>8. La cuisson au gaz provoque-t-elle l&rsquo;asthme ?</strong></p><p>La cuisson au gaz ne provoque pas directement l&rsquo;asthme, mais l&rsquo;&eacute;mission de substances telles que le dioxyde d&rsquo;azote peut irriter les voies respiratoires, surtout en cas de mauvaise ventilation.</p><p><strong>9. Peut-on mourir de l&rsquo;asthme ?</strong></p><p>Heureusement, l&rsquo;asthme se traite g&eacute;n&eacute;ralement bien, mais des crises s&eacute;v&egrave;res peuvent mettre la vie en danger. C&rsquo;est pourquoi nous insistons toujours sur l&rsquo;importance d&rsquo;un traitement correct.</p><p><strong>10. L&rsquo;aspirine peut d&eacute;clencher l&rsquo;asthme</strong></p><p>Une partie des patients asthmatiques r&eacute;agit de mani&egrave;re sensible &agrave; l&rsquo;aspirine et &agrave; des anti-inflammatoires similaires. Cela peut entra&icirc;ner une aggravation des sympt&ocirc;mes ou d&eacute;clencher une crise.</p><hr /><p><strong>Test respiratoire gratuit &agrave; l&rsquo;occasion de la Journ&eacute;e mondiale de l&rsquo;asthme</strong></p><p>&Agrave; l&rsquo;occasion de la Journ&eacute;e mondiale de l&rsquo;asthme, le 5 mai, AZ Delta organise un test respiratoire gratuit pour le grand public. Par cette initiative, l&rsquo;h&ocirc;pital souhaite attirer l&rsquo;attention sur l&rsquo;importance du d&eacute;pistage pr&eacute;coce de l&rsquo;asthme et d&rsquo;autres &eacute;ventuelles maladies pulmonaires. Les visiteurs auront la possibilit&eacute; de faire tester leur fonction pulmonaire de mani&egrave;re simple et accessible, et de d&eacute;couvrir si leurs sympt&ocirc;mes peuvent &eacute;ventuellement indiquer un asthme ou un autre probl&egrave;me respiratoire.</p><p><strong>Lieu :</strong> AZ Delta - Campus Rumbeke - Deltalaan 1, 8800 Roulers</p><hr /><p><strong>&Agrave; propos de Deltalong</strong></p><p>Deltalong est le service de pneumologie d&rsquo;AZ Delta et r&eacute;unit une expertise multidisciplinaire pour le diagnostic, le traitement et le suivi de toutes les principales maladies pulmonaires, dont la BPCO, l&rsquo;asthme, la fibrose pulmonaire, le cancer du poumon et les troubles respiratoires li&eacute;s au sommeil. Gr&acirc;ce &agrave; une &eacute;troite collaboration entre pneumologues, infirmiers sp&eacute;cialis&eacute;s et autres disciplines de soins, le centre propose une approche int&eacute;gr&eacute;e et centr&eacute;e sur le patient, avec une forte attention port&eacute;e &agrave; la d&eacute;tection pr&eacute;coce, au diagnostic innovant, &agrave; la recherche clinique et &agrave; l&rsquo;am&eacute;lioration de la qualit&eacute; de vie des patients.</p><hr /><p><strong>Si vous souhaitez r&eacute;aliser une interview avec la Dr. Dobbelaere, veuillez contacter </strong><a href=\"karen@small-talk.be.\" target=\"_blank\" rel=\"noreferrer noopener\">karen@small-talk.be.</a></p><div id=\"bookmark-5b368143-2869-4f91-b53e-ec13e149b84f\"\n     class=\"release-content-bookmark release-content-bookmark--horizontal\">\n\n            <a class=\"release-content-bookmark__thumbnail\"\n           href=\"https://smalltalk.prezly.com/media/album/50548\"\n           rel=\"noopener noreferrer\"\n           target=\"_blank\"           style=\"background-image: url(https://prezly.imgix.net/https%3A%2F%2Fcdn.uc.assets.prezly.com%2Fada8ad7d-bd25-437e-9e3d-5da4809e8b2a%2F?ar=1%3A1&amp;fit=crop&amp;s=0b0c3000e549c093fb420ba1e46eb2eb)\"\n        ></a>\n    \n    <div class=\"release-content-bookmark__details\">\n\n                    <a class=\"release-content-bookmark__title\"\n               href=\"https://smalltalk.prezly.com/media/album/50548\"\n               rel=\"noopener noreferrer\"\n               target=\"_blank\"               data-type=\"bookmark\"\n               data-track=\"Story WebBookmark Click\"\n               data-placement=\"content\"\n               data-id=\"5b368143-2869-4f91-b53e-ec13e149b84f\"\n           >\n                Mediagalerij: Deltalong - Wereld Astma Dag            </a>\n        \n                    <div class=\"release-content-bookmark__description\">\n                4 afbeeldingen            </div>\n        \n        <a href=\"https://smalltalk.prezly.com/\"\n           target=\"_blank\"\n           rel=\"noreferrer noopener\"\n           class=\"release-content-bookmark__provider\"\n        >\n            <img class=\"release-content-bookmark__provider-icon\" src=\"https://avatars.prezly.com/favicon?url=https%3A%2F%2Fsmalltalk.prezly.com%2Fmedia%2Falbum%2F42f417a3-ac2a-42b9-9ef5-044cb2e03fcc&newsroom=d334baf0-7650-4a53-b955-0cb6a5a1d53f\" aria-hidden=\"true\" />\n            Smalltalk        </a>\n    </div>\n</div>\n<div class=\"release-content-contact\" id=\"contact-7592fe22-6534-419c-aa9b-1bdc3e35426d\">\n    <div class=\"release-content-contact__avatar\"><img src=\"https://cdn.uc.assets.prezly.com/0d189ad4-2bda-4649-9061-34f79e64bd14/-/scale_crop/128x128/center/-/format/auto/\" alt=\"Karen Moreaux\" class=\"release-content-contact__avatar-image\" /></div>\n    <div class=\"release-content-contact__details\">\n        <strong class=\"release-content-contact__name\">Karen Moreaux</strong>\n        <em class=\"release-content-contact__description\">PR Director, Small Talk</em>\n        <ul class=\"release-content-contact__details-list\"><li class=\"release-content-contact__details-list-item\"><a href=\"mailto:Karen@small-talk.be\"  class=\"release-content-contact__details-list-item-link\" title=\"Karen@small-talk.be\"><svg class=\"icon icon-paper-plane release-content-contact__details-list-item-icon\">\n                <use xlink:href=\"#icon-paper-plane\"></use>\n            </svg>Karen@small-talk.be</a></li></ul>\n    </div>\n</div><p>&nbsp;</p>",
    "header": {
        "large": "https://cdn.uc.assets.prezly.com/32767de2-daa6-48dd-889b-3c479dbc7cb7/-/preview/1200x1200/-/format/auto/",
        "release": "https://cdn.uc.assets.prezly.com/32767de2-daa6-48dd-889b-3c479dbc7cb7/-/preview/1200x1200/-/format/auto/"
    },
    "images": [
        {
            "caption": "Dr. Stephanie Dobbelaere",
            "original": "https://cdn.uc.assets.prezly.com/f35864c7-ff08-4fcb-8115-1150fe64bdf9/",
            "medium": "https://cdn.uc.assets.prezly.com/f35864c7-ff08-4fcb-8115-1150fe64bdf9/-/preview/500x500/-/format/auto/",
            "small": "https://cdn.uc.assets.prezly.com/f35864c7-ff08-4fcb-8115-1150fe64bdf9/-/preview/200x200/-/format/auto/",
            "thumbnail": "https://cdn.uc.assets.prezly.com/f35864c7-ff08-4fcb-8115-1150fe64bdf9/-/preview/100x100/-/format/auto/",
            "square": "https://cdn.uc.assets.prezly.com/f35864c7-ff08-4fcb-8115-1150fe64bdf9/-/scale_crop/200x200/center/-/format/auto/",
            "squaresmall": "https://cdn.uc.assets.prezly.com/f35864c7-ff08-4fcb-8115-1150fe64bdf9/-/scale_crop/58x58/center/-/format/auto/"
        }
    ],
    "links": [
        {
            "description": "Mediagalerij: Deltalong - Wereld Astma Dag",
            "url": "https://smalltalk.prezly.com/media/album/50548"
        }
    ],
    "contacts": [
        {
            "name": "Karen Moreaux",
            "company": "Small Talk",
            "description": "PR Director",
            "email": "Karen@small-talk.be",
            "website": null,
            "address": null,
            "telephone": null,
            "mobile": null,
            "twitter": null,
            "facebook": null
        }
    ],
    "author": {
        "first_name": "karen",
        "last_name": "Moreaux"
    },
    "format_version": 5
}